{"id":4978,"date":"2022-04-11T12:45:06","date_gmt":"2022-04-11T10:45:06","guid":{"rendered":"https:\/\/existentia.com.hr\/?p=4978"},"modified":"2022-04-12T14:52:14","modified_gmt":"2022-04-12T12:52:14","slug":"neurorazlicitost-izbor-i-dijelovi-nas","status":"publish","type":"post","link":"https:\/\/existentia.com.hr\/hr\/neurorazlicitost-izbor-i-dijelovi-nas\/","title":{"rendered":"Neurorazli\u010ditost: adhd, autizam i izbor"},"content":{"rendered":"<p>\u0160to kad razli\u010dite na\u010dine do\u017eivljavanja svijeta poput ADHD-a ili autizma ne bismo gledali kao deficit? Britanski psihoterapeut Alessio Rizzo obja\u0161njava ovaj sve popularniji pogled neurorazli\u010ditosti.<\/p>\n<figure id=\"attachment_4987\" aria-describedby=\"caption-attachment-4987\" style=\"width: 530px\" class=\"wp-caption alignleft\"><a href=\"https:\/\/existentia.com.hr\/wp-content\/uploads\/2022\/03\/brain_andy_warhol_ALL_for_online_hx1ghw.jpg\"><img fetchpriority=\"high\" decoding=\"async\" class=\"wp-image-4987\" src=\"https:\/\/existentia.com.hr\/wp-content\/uploads\/2022\/03\/brain_andy_warhol_ALL_for_online_hx1ghw.jpg\" alt=\"neurorazli\u010ditost\" width=\"530\" height=\"227\" srcset=\"https:\/\/existentia.com.hr\/wp-content\/uploads\/2022\/03\/brain_andy_warhol_ALL_for_online_hx1ghw.jpg 2100w, https:\/\/existentia.com.hr\/wp-content\/uploads\/2022\/03\/brain_andy_warhol_ALL_for_online_hx1ghw-620x266.jpg 620w, https:\/\/existentia.com.hr\/wp-content\/uploads\/2022\/03\/brain_andy_warhol_ALL_for_online_hx1ghw-920x394.jpg 920w, https:\/\/existentia.com.hr\/wp-content\/uploads\/2022\/03\/brain_andy_warhol_ALL_for_online_hx1ghw-768x329.jpg 768w, https:\/\/existentia.com.hr\/wp-content\/uploads\/2022\/03\/brain_andy_warhol_ALL_for_online_hx1ghw-1536x658.jpg 1536w, https:\/\/existentia.com.hr\/wp-content\/uploads\/2022\/03\/brain_andy_warhol_ALL_for_online_hx1ghw-2048x878.jpg 2048w\" sizes=\"(max-width: 530px) 100vw, 530px\" \/><\/a><figcaption id=\"caption-attachment-4987\" class=\"wp-caption-text\">Izvor: hrone.lu<\/figcaption><\/figure>\n<p><em><strong>Ono \u0161to me privuklo Va\u0161em pristupu u psihoterapiji je naglasak na va\u0161em radu s neurorazli\u010ditosti. Mo\u017eete li nam ovo malo objasniti? Ako sam dobro shvatila, u svom radu s ljudima koji imaju iskustvo neurorazli\u010ditosti, poku\u0161avate staviti naglasak na izbor u susret s drugom osobom u svojim psihoterapijskim susretima.\u00a0<\/strong><\/em><\/p>\n<p><strong><em> Kako se u tom pristupu razmi\u0161lja o neurorazli\u010ditosti?<\/em><\/strong><\/p>\n<p>Svi\u0111a mi se rije\u010d \u201eneuroraznoli\u010ditost&#8221; jer je sasvim nova i ne nosi te\u0161ku oznaku za ljude, koju bi naziv &#8220;autist&#8221; mogao izazvati kod ljudi.<\/p>\n<p>Volim razlikovati nekoga iz autisti\u010dnog spektra i nekoga tko ima iskustvo s ADHD-om. Svi su pod istim ki\u0161obranom, vjerojatno zbog na\u0161eg neznanja s obzirom na to da ta iskustva tek po\u010dinjemo shva\u0107ati, ali to su razli\u010dita iskustva.<\/p>\n<p>Bio sam dovoljno privilegiran da radim kao u\u010ditelj godinu dana s nekim s ADHD-om i jednu godinu s nekim s autizmom. I to se dogodilo dok sam jo\u0161 predavao i trenirao ge\u0161talt. \u00a0Morao sam premostiti taj jaz. U biti, u\u010denje je bilo sekundarno, zapravo se radilo o razumijevanju tih ljudi. Moje znanje proizlazi iz toga \u0161to sam proveo puno vremena rade\u0107i s ljudima s takvim iskustvima. S obzirom na to da radim s ljudima, posjedujem znanje koje nigdje nije napisano.<\/p>\n<p>Dakle, profesionalno, nitko mi ne mo\u017ee re\u0107i \u0161to je, na primjer, definicija autizma. Radi se zapravo o prepoznavanju da, kada je autizam u pitanju, za nekoga dru\u0161tvene norme nemaju smisla. I ti ljudi imaju ogroman osje\u0107aj za iskrenost i po\u0161tenje. Dakle, laganje, \u010dak i ako su to male la\u017ei, nema smisla. Op\u0107enito bih rekao da ljudi s autisti\u010dnog spektra ne razumiju &#8220;neizre\u010deni&#8221; dio komunikacije, ono \u0161to nazivamo \u010ditanjem &#8220;dru\u0161tvenih znakova&#8221; ili &#8220;\u010ditanje izme\u0111u redova&#8221;.<\/p>\n<p>Dakle, kada \u010dujem da se netko boji &#8220;small talka&#8221;, kada \u010dujem da se netko jako srami dru\u0161tvenih interakcija, obi\u010dno je to osje\u0107aj da im one mo\u017eda nemaju smisla. To je ono \u0161to vjerujem da je sr\u017e autizma, to je ono \u0161to je kod njih druga\u010dije, ostalo je vjerojatno traumati\u010dno iskustvo, jer ako ne razumije\u0161 dru\u0161tvene interakcije, onda te maltretiraju. Prema tebi se odnosi druk\u010dije.<\/p>\n<p><strong><em>Drugim rije\u010dima, ono \u0161to Vi ka\u017eete je da postoji neka vrsta jezgre, koja je su\u0161tina i onda je ono \u0161to se dodaje ovoj biti daljnja trauma jer osoba do\u017eivljava svijet druga\u010dije i to mo\u017ee rezultirati potencijalnim sukobom s dru\u0161tvenom stvarno\u0161\u0107u. <\/em><\/strong><\/p>\n<p><strong><em>Koji bi naglasak kod takvog iskustva bio u ovakvom terapijskom radu kojim se bavite? Neke vrste psihoterapijskog rada mogu poku\u0161ati natjerati ovu osobu da se vi\u0161e prilagodi svijetu, s obzirom na to da jo\u0161 uvijek nema dovoljno razumijevanja neuroraznolikosti u na\u0161em sustavu.<\/em><\/strong><\/p>\n<p>Prvo, stvari mo\u017eda ne\u0107e biti jasne na po\u010detku. Mo\u017eda se osoba nosi s s puno trauma. Trauma je za mene ono \u0161to se dodaje na ono \u0161to jesi i sprje\u010dava te da bude\u0161 zdravo ljudsko bi\u0107e. Pa onda to mo\u017eete lije\u010diti tjelesnom psihoterapijom, IFS-om, cijela stvar je u tome da otpustite sve \u0161to vas sprje\u010dava da budete ono \u0161to jeste.<\/p>\n<p>Dakle, nakon \u0161to osoba dovoljno razumije tko je &#8211; mo\u017eda do\u0111e i ka\u017ee &#8211; ja \u017eelim izlaziti, \u017eelim u\u0107i u vezu. Ponekad ka\u017eu, <em>&#8220;to je zato \u0161to \u017eelim biti &#8216;normalan&#8217;<\/em>&#8220;. I to je odluka te osobe na kraju, radi se o tome da ju se po\u0161tuje kao \u010dovjeka. Mo\u017eda je njena potreba za pripadanjem \u0161iroj zajednici toliko jaka da se \u017eeli uklju\u010diti u odnose, s tim praksama i dru\u0161tvenim doga\u0111ajima. To zna\u010di da \u0107e morati gotovo izgraditi te mi\u0161i\u0107e, morat \u0107e nau\u010diti socijalne vje\u0161tine. Ili bi mogla re\u0107i da joj nije va\u017eno sudjelovati u tim praksama, va\u017enije joj je biti to \u0161to jest.<\/p>\n<p>Drugim rije\u010dima, radi se zapravo o tome da uvijek treba provjeriti odakle dolazi zahtjev za promjenom, koje su potrebe &#8211; i tada dati osobi realan izbor. Ako \u017eelite u\u010diniti ono \u0161to vam je re\u010deno, vjerojatno se morate dodatno potruditi, jer vam to ne dolazi spontano. Ako je to ono \u0161to \u017eelite u\u010diniti, onda u\u010dinite. A onda mo\u017eda promisle opet i ka\u017eu, o, ne, ja to zapravo ne \u017eelim u\u010diniti.<\/p>\n<p><em><strong>Dakle, naglasak je na osobnom izboru. Prepoznavanje vlastite potrebe, a zatim i izbor koji se \u017eeli napraviti s obzirom na te osobine neurorazli\u010ditost.<\/strong><br \/>\n<\/em><br \/>\nDa, taj izbor je duboko terapeutski. Mo\u017eda toj osobi nikada nije dat taj izbor. Ili su joj uvijek govorili \u201etreba\u0161 biti takav\u201c. I ovdje ka\u017eemo, mo\u017eete biti takvi jer \u0107e vam to dati osje\u0107aj zajedni\u0161tva, a mo\u017eda i ne. Ono \u0161to je va\u017eno da znate je tko ste i odatle birate. Ovdje ka\u017eemo, mo\u017eete biti takvi jer \u0107e vam to dati osje\u0107aj zajedni\u0161tva. Mo\u017eda i ne\u0107e. Ono \u0161to je va\u017eno jest da znate tko ste i da birate s te pozicije.<\/p>\n<p><strong><em>Ovo me dovodi do razmi\u0161ljanja o tome gdje ge\u0161talt terapijski pristup doti\u010de ovaj rad, a gdje se od njega razdvaja?<\/em><\/strong><\/p>\n<p>Ono \u0161to govorim duboko je relacijsko, \u0161to je u sr\u017ei ge\u0161talt terapije. Dolazi iz britanske gestalt tradicije, biti stvarno relacijski i obra\u0107aju\u0107i puno pa\u017enje na dinamiku mo\u0107i u prostoriji. \u0160to vi\u0161e razumijem svoje pristranosti, to vi\u0161e razumijem svoju mo\u0107. Ako sam malo disleksi\u010dan &#8211; ne smatram se da sam u velikoj mjeri s neuroraznolikog spektra, ja sam nekako u poziciji mo\u0107i i privilegije, jer mi je lako u\u0107i u dru\u0161tvenu situaciju i dobro se zabavljati jer mogu razumjeti dru\u0161tvene znakove.<\/p>\n<p>Dakle, dolazim iz povla\u0161tene pozicije za razliku od nekoga koga je dispozicija koju ima mo\u017eda stavila u podre\u0111eni polo\u017eaj, jer mu je netko tko nije neuroraznolik govorio da njegovo iskustvo nije &#8220;normalno&#8221;. Dakle, ovdje obra\u0107am pa\u017enju na poku\u0161aj da ne ponovim ovu dinamiku mo\u0107i u radu. Ponekad \u010dak i dok razgovaram s njima, mogao bih se ispri\u010dati ako sam rekao ne\u0161to \u0161to je proiza\u0161lo iz mojih predrasuda.<\/p>\n<p>Ponekad kad radim intervencije zastanem i odvojim trenutak da shvatim odakle dolaze moje intervencije, da one ne dolaze iz pozicije da ja znam \u0161to je za njih dobro, a ja ne. Dakle, fenomenolo\u0161ki pristup koji zaista ne uzima da zna kroz \u0161to druga osoba prolazi je od velike pomo\u0107i \u2013 ja sam uvje\u017eban sjedenju i neznanju i u redu sam s neznanjem, otkrijmo ovo zajedno.<\/p>\n<p><strong><em>Poposeban naglasak u svom radu stavljate i na spolnu raznolikost. Dakle, ako biste radili s LGBT osobama, kako biste radili s nekim tko \u017eivi u opresivnom dru\u0161tvenom kontekstu?<\/em><\/strong><\/p>\n<p>Za mene je sigurnost na prvom mjestu. Na primjer, tema coming outa. Suzdr\u017eim se od toga da ka\u017eem, ako \u017eeli\u0161 napraviti &#8220;coming out&#8221;, samo daj i suo\u010di se s bilo kakvim posljedicama. Prije nekoliko godina vodio sam grupu LGBT tra\u017eitelja azila koji su dolazili iz Ujedinjenog Kraljevstva, posebno iz azijskih zemalja, i za njih bi izlazak mogao zna\u010diti da vas netko u obitelji mo\u017ee ubiti.<\/p>\n<p>Dakle, opet se radi o po\u0161tivanju osobnog izbora, tako da mo\u017ee postojati dio koji \u017eeli re\u0107i svijetu, jednoj osobi ili roditeljima i obitelji, a drugi dio koji govori dobro da se stvarno mo\u017eete negativno izlo\u017eiti . A moj je posao pregovarati sa svim dijelovima i prona\u0107i put naprijed, imaju\u0107i na umu sigurnost. Stvarno se radi o bacanju pretpostavki u sme\u0107e &#8211; onoga \u0161to ja mislim da bi se trebalo dogoditi &#8211; i stvarnom slu\u0161anju toga koja je cijela situacija ovdje.<\/p>\n<p><em><strong>Sada kada ste spomenuli ove dijelove, ovo je pretpostavljam iz terapije unutarnjeg obiteljskog sustava (Internal Family System ili IFS). Mo\u017eete li nam re\u0107i vi\u0161e o tome? \u0160to biste rekli da je posebna snaga ovakve terapije?<\/strong><br \/>\n<\/em><br \/>\nPosebna snaga je u tome \u0161to se koristi jezikom koji je dostupan i terapeutu i klijentu. Ljudi \u010ditaju moje \u010dlanke o IFS-u i imaju im smisla. IFS stvara druga\u010diju relacijsku dinamiku, s manjom dinamikom mo\u0107i. Metoda je jasna &#8211; postoje razli\u010diti dijelovi nas samih. Ponekad se neki dijelovi optere\u0107uju traumom, izgube svoju izvornu lako\u0107u. Ponekad je situacija vrlo slo\u017eena, razli\u010diti dijelovi nas \u017eele druga\u010dije stvari. Tada ulazite tamo ne znaju\u0107i \u0161to \u0107ete prona\u0107i. Zamolite svoje klijente da s njima provjere koji su njihovi dijelovi u ovom trenutku aktivni i po\u010dnete s njima razgovarati. Ovo je poput unutarnjeg oblika rada s dvije stolice.<\/p>\n<p>IFS uzima u obzir mnogostrukost uma. Mi zapravo imamo razli\u010dite dijelove sebe, ne postoji samo jedan. U IFS-u postoji ne\u0161to \u0161to se zove unutarnji rad, gdje uvijek imate tre\u0107i dio nas samih koji se zove <a href=\"https:\/\/www.therapywithalessio.com\/articles\/self-in-ifs-therapy-what-it-is-what-are-the-8-cs-and-the-5-ps-of-self\" target=\"_blank\" rel=\"noopener\">\u201eja\u201c<\/a> koji uvodi novu dinamiku, ina\u010de bi ova dva druga dijela mogla biti u borbi. Ovo je gotovo kao duhovna esencija. To je su\u0161tina koja je otkrivena fenomenolo\u0161ki. Ako se odvojite od svih svojih dijelova, odjednom ulazite u stanje smirenosti i suosje\u0107anja.<\/p>\n<p>Ako se pove\u017eete s tim stanjem, radi se na druk\u010diji na\u010din, tra\u017eite od ovog dijela da razgovara s tim dijelovima, a ne da oni koji govore samo izme\u0111u sebe. IFS mo\u017ee lije\u010diti traumu bolje od drugih modaliteta za koje znam. Zbog cijele metodologije prisutnosti tog <a href=\"https:\/\/www.therapywithalessio.com\/articles\/what-is-self-and-self-energy-in-ifs-internal-family-systems-therapy\" target=\"_blank\" rel=\"noopener\">&#8220;selfa&#8221;<\/a>.<\/p>\n<p>Ako se pove\u017eete s tim &#8220;selfom&#8221; i razgovarate s dijelovima koji su bili traumatizirani, obi\u010dno se trauma osloba\u0111a. Svaka osoba koja mo\u017ee slijediti ovu metodologiju, bila ona neurorazli\u010dita ili ne, mo\u017ee imati koristi od toga.<\/p>\n<div class=\"J0lOec\"><em><span class=\"VIiyi\" lang=\"hr\"><span class=\"JLqJ4b\" data-language-for-alternatives=\"hr\" data-language-to-translate-into=\"es\" data-phrase-index=\"0\" data-number-of-phrases=\"1\"><span class=\"Q4iAWc\"><strong>Budu\u0107i da se ve\u0107ina terapijskih pristupa bavi nesvjesnim emocijama i iscjeljivanjem pro\u0161lih trauma, ponekad mi se \u010dini da postoji potreba za ve\u0107im naglaskom na onome \u0161to je vrijedno u odre\u0111enoj vrsti iskustva. To je ono \u0161to bi egzistencijalisti nazvali \u201ena\u010din postojanja\u201c.<\/strong> <\/span><\/span><\/span><\/em><\/div>\n<div><\/div>\n<div class=\"J0lOec\">\n<p>&nbsp;<\/p>\n<p><em><strong>U skladu s tim, postoje li ikakve prednosti koje se mogu uo\u010diti u neurorazli\u010ditim iskustavima u usporedbi s neurotipskim na\u010dinima postojanja?<\/strong><\/em><\/p>\n<\/div>\n<div><\/div>\n<div class=\"J0lOec\"><span class=\"VIiyi\" lang=\"hr\"><span class=\"JLqJ4b\" data-language-for-alternatives=\"hr\" data-language-to-translate-into=\"es\" data-phrase-index=\"0\" data-number-of-phrases=\"1\"><span class=\"Q4iAWc\"> Ako sam dobro razumio ovo pitanje, Iva, odgovor je da bismo mogli puno nau\u010diti od ljudi koje danas nazivamo \u201cneurorazli\u010ditim\u201d. Ovo dolazi iz mog treninga Gestalt terapije i teorije polja. Svaka dijagnosti\u010dka oznaka opisuje \u201crazliku\u201d od norme, ali mi smo te norme stvorili kao kolektiv. <\/span><\/span><\/span><\/div>\n<div><\/div>\n<div class=\"J0lOec\"><span class=\"VIiyi\" lang=\"hr\"><span class=\"JLqJ4b\" data-language-for-alternatives=\"hr\" data-language-to-translate-into=\"es\" data-phrase-index=\"0\" data-number-of-phrases=\"1\"><span class=\"Q4iAWc\">Ljudi koji ozna\u010davaju neurorazli\u010ditost jednostavno osporavaju kulturu u kojoj \u017eivimo i, po mom mi\u0161ljenju, moramo puno nau\u010diti. Vjerojatno su te razlike put naprijed ka boljoj ljudskoj vrsti. <\/span><\/span><\/span><\/div>\n<div><\/div>\n<div class=\"J0lOec\"><span class=\"VIiyi\" lang=\"hr\"><span class=\"JLqJ4b\" data-language-for-alternatives=\"hr\" data-language-to-translate-into=\"es\" data-phrase-index=\"0\" data-number-of-phrases=\"1\"><span class=\"Q4iAWc\">Evo \u0161to mo\u017eemo nau\u010diti: <\/span><\/span><\/span><\/div>\n<div><\/div>\n<div class=\"J0lOec\"><span class=\"VIiyi\" lang=\"hr\"><span class=\"JLqJ4b\" data-language-for-alternatives=\"hr\" data-language-to-translate-into=\"es\" data-phrase-index=\"0\" data-number-of-phrases=\"1\"><span class=\"Q4iAWc\">1. Od osoba iz autisti\u010dnog spektra mo\u017eemo nau\u010diti iskrenost i jasno\u0107u komunikacije. Kakav bi bio na\u0161 svijet da jedni drugima ne la\u017eemo i da svoje iskustvo prigrlimo i prihvatimo ne preispitivaju\u0107i ga neprestano jer nam dru\u0161tvo tako govori? <\/span><\/span><\/span><\/div>\n<div><\/div>\n<div class=\"J0lOec\"><span class=\"VIiyi\" lang=\"hr\"><span class=\"JLqJ4b\" data-language-for-alternatives=\"hr\" data-language-to-translate-into=\"es\" data-phrase-index=\"0\" data-number-of-phrases=\"1\"><span class=\"Q4iAWc\">2. Od osoba s ADHD-om mo\u017eemo nau\u010diti da \u017eivot ne mora te\u0107i prema vremenskom rasporedu i da smo mo\u017eda samo prestimulirani. Mo\u017eemo nau\u010diti da su ljudski odnosi i jednostavnost klju\u010d zdravlja. <\/span><\/span><\/span><\/div>\n<div><\/div>\n<div class=\"J0lOec\"><span class=\"VIiyi\" lang=\"hr\"><span class=\"JLqJ4b\" data-language-for-alternatives=\"hr\" data-language-to-translate-into=\"es\" data-phrase-index=\"0\" data-number-of-phrases=\"1\"><span class=\"Q4iAWc\">3. Od osoba s disleksijom mo\u017eemo nau\u010diti da umjetni\u010dki i nelinearni na\u010dini razmi\u0161ljanja mogu dovesti do boljeg i kreativnijeg \u017eivota.<\/span><\/span><\/span><\/div>\n<p>Znam da postoje kompanije koje, primjerice, tra\u017ee ljude iz autisti\u010dnog spektra za rad u podru\u010dju IT-a, zbog preciznosti koje ti poslovi zahtijevaju. Iskrenost radnika je dodatni bonus.<\/p>\n<p>Svakako se nadam da \u0107emo kao kolektiv po\u010deti uvi\u0111ati da je razli\u010ditosti svih vrsta dar i priliku za rast, a ne ne\u0161to \u0161to treba lije\u010diti lijekovima.<\/p>\n<p><strong><em>\u0160to je ono \u0161to ste Vi kao terapeut osobno nau\u010dili iz susreta s razli\u010ditim vrstama postojanja?<br \/>\n<\/em><\/strong><\/p>\n<p>Rad s ljudima koji misle i funkcioniraju druk\u010dije od mene poma\u017ee mi da ostanem skroman i podsje\u0107a me na to da ustvari ne znam, i da postoji mudrost i prilika za rast u susretu s nekim tko je razli\u010dit.<\/p>\n<div dir=\"auto\">\n<p><em>Intervjuirala: Iva Paska<\/em><\/p>\n<p><a href=\"https:\/\/www.therapywithalessio.com\/\" target=\"_blank\" rel=\"noopener\">Terapija s Alessiom, web stranica Alessia Rizza<\/a><\/p>\n<\/div>\n","protected":false},"excerpt":{"rendered":"<p>\u0160to kad razli\u010dite na\u010dine do\u017eivljavanja svijeta poput ADHD-a ili autizma ne bismo gledali kao deficit? Britanski psihoterapeut Alessio Rizzo obja\u0161njava [&hellip;]<\/p>\n","protected":false},"author":1,"featured_media":0,"comment_status":"open","ping_status":"open","sticky":false,"template":"","format":"standard","meta":{"site-sidebar-layout":"default","site-content-layout":"","ast-site-content-layout":"default","site-content-style":"default","site-sidebar-style":"default","ast-global-header-display":"","ast-banner-title-visibility":"","ast-main-header-display":"","ast-hfb-above-header-display":"","ast-hfb-below-header-display":"","ast-hfb-mobile-header-display":"","site-post-title":"","ast-breadcrumbs-content":"","ast-featured-img":"","footer-sml-layout":"","theme-transparent-header-meta":"","adv-header-id-meta":"","stick-header-meta":"","header-above-stick-meta":"","header-main-stick-meta":"","header-below-stick-meta":"","astra-migrate-meta-layouts":"default","ast-page-background-enabled":"default","ast-page-background-meta":{"desktop":{"background-color":"var(--ast-global-color-4)","background-image":"","background-repeat":"repeat","background-position":"center center","background-size":"auto","background-attachment":"scroll","background-type":"","background-media":"","overlay-type":"","overlay-color":"","overlay-opacity":"","overlay-gradient":""},"tablet":{"background-color":"","background-image":"","background-repeat":"repeat","background-position":"center center","background-size":"auto","background-attachment":"scroll","background-type":"","background-media":"","overlay-type":"","overlay-color":"","overlay-opacity":"","overlay-gradient":""},"mobile":{"background-color":"","background-image":"","background-repeat":"repeat","background-position":"center center","background-size":"auto","background-attachment":"scroll","background-type":"","background-media":"","overlay-type":"","overlay-color":"","overlay-opacity":"","overlay-gradient":""}},"ast-content-background-meta":{"desktop":{"background-color":"var(--ast-global-color-5)","background-image":"","background-repeat":"repeat","background-position":"center center","background-size":"auto","background-attachment":"scroll","background-type":"","background-media":"","overlay-type":"","overlay-color":"","overlay-opacity":"","overlay-gradient":""},"tablet":{"background-color":"var(--ast-global-color-5)","background-image":"","background-repeat":"repeat","background-position":"center center","background-size":"auto","background-attachment":"scroll","background-type":"","background-media":"","overlay-type":"","overlay-color":"","overlay-opacity":"","overlay-gradient":""},"mobile":{"background-color":"var(--ast-global-color-5)","background-image":"","background-repeat":"repeat","background-position":"center center","background-size":"auto","background-attachment":"scroll","background-type":"","background-media":"","overlay-type":"","overlay-color":"","overlay-opacity":"","overlay-gradient":""}},"footnotes":""},"categories":[23,8],"tags":[1101,1100,74,59,1098,56,1099,54],"class_list":["post-4978","post","type-post","status-publish","format-standard","hentry","category-osobni-razvoj","category-sira-promisljanja","tag-adhd-2","tag-autizam","tag-gestalt","tag-izbor","tag-neurorazlicitost","tag-odnosi","tag-privilegija","tag-sloboda"],"yoast_head":"<!-- This site is optimized with the Yoast SEO plugin v21.6 - https:\/\/yoast.com\/wordpress\/plugins\/seo\/ -->\n<title>Neurorazli\u010ditost: adhd, autizam i izbor - Existentia<\/title>\n<meta name=\"description\" content=\"Neurorazli\u010ditost, poput ADHD-a i autizma, mo\u017ee biti zahtjevno iskustvo. Kako se nositi s njim i gdje prona\u0107i izbor, zna Alessio Rizzo.\" \/>\n<meta name=\"robots\" content=\"index, follow, max-snippet:-1, max-image-preview:large, max-video-preview:-1\" \/>\n<link rel=\"canonical\" href=\"https:\/\/existentia.com.hr\/hr\/neurorazlicitost-izbor-i-dijelovi-nas\/\" \/>\n<meta property=\"og:locale\" content=\"hr_HR\" \/>\n<meta property=\"og:type\" content=\"article\" \/>\n<meta property=\"og:title\" content=\"Neurorazli\u010ditost: adhd, autizam i izbor - Existentia\" \/>\n<meta property=\"og:description\" content=\"Neurorazli\u010ditost, poput ADHD-a i autizma, mo\u017ee biti zahtjevno iskustvo. Kako se nositi s njim i gdje prona\u0107i izbor, zna Alessio Rizzo.\" \/>\n<meta property=\"og:url\" content=\"https:\/\/existentia.com.hr\/hr\/neurorazlicitost-izbor-i-dijelovi-nas\/\" \/>\n<meta property=\"og:site_name\" content=\"Existentia\" \/>\n<meta property=\"article:publisher\" content=\"https:\/\/www.facebook.com\/existentia.com.hr\/\" \/>\n<meta property=\"article:published_time\" content=\"2022-04-11T10:45:06+00:00\" \/>\n<meta property=\"article:modified_time\" content=\"2022-04-12T12:52:14+00:00\" \/>\n<meta property=\"og:image\" content=\"https:\/\/existentia.com.hr\/wp-content\/uploads\/2022\/03\/brain_andy_warhol_ALL_for_online_hx1ghw.jpg\" \/>\n<meta name=\"author\" content=\"admin\" \/>\n<meta name=\"twitter:card\" content=\"summary_large_image\" \/>\n<meta name=\"twitter:label1\" content=\"Napisao\/la\" \/>\n\t<meta name=\"twitter:data1\" content=\"admin\" \/>\n\t<meta name=\"twitter:label2\" content=\"Procijenjeno vrijeme \u010ditanja\" \/>\n\t<meta name=\"twitter:data2\" content=\"10 minuta\" \/>\n<script type=\"application\/ld+json\" class=\"yoast-schema-graph\">{\"@context\":\"https:\/\/schema.org\",\"@graph\":[{\"@type\":\"WebPage\",\"@id\":\"https:\/\/existentia.com.hr\/hr\/neurorazlicitost-izbor-i-dijelovi-nas\/\",\"url\":\"https:\/\/existentia.com.hr\/hr\/neurorazlicitost-izbor-i-dijelovi-nas\/\",\"name\":\"Neurorazli\u010ditost: adhd, autizam i izbor - Existentia\",\"isPartOf\":{\"@id\":\"https:\/\/existentia.com.hr\/hr\/#website\"},\"datePublished\":\"2022-04-11T10:45:06+00:00\",\"dateModified\":\"2022-04-12T12:52:14+00:00\",\"author\":{\"@id\":\"https:\/\/existentia.com.hr\/hr\/#\/schema\/person\/7c7a560ce6c84f00035829b53174f27c\"},\"description\":\"Neurorazli\u010ditost, poput ADHD-a i autizma, mo\u017ee biti zahtjevno iskustvo. Kako se nositi s njim i gdje prona\u0107i izbor, zna Alessio Rizzo.\",\"breadcrumb\":{\"@id\":\"https:\/\/existentia.com.hr\/hr\/neurorazlicitost-izbor-i-dijelovi-nas\/#breadcrumb\"},\"inLanguage\":\"hr\",\"potentialAction\":[{\"@type\":\"ReadAction\",\"target\":[\"https:\/\/existentia.com.hr\/hr\/neurorazlicitost-izbor-i-dijelovi-nas\/\"]}]},{\"@type\":\"BreadcrumbList\",\"@id\":\"https:\/\/existentia.com.hr\/hr\/neurorazlicitost-izbor-i-dijelovi-nas\/#breadcrumb\",\"itemListElement\":[{\"@type\":\"ListItem\",\"position\":1,\"name\":\"Home\",\"item\":\"https:\/\/existentia.com.hr\/hr\/\"},{\"@type\":\"ListItem\",\"position\":2,\"name\":\"Neurorazli\u010ditost: adhd, autizam i izbor\"}]},{\"@type\":\"WebSite\",\"@id\":\"https:\/\/existentia.com.hr\/hr\/#website\",\"url\":\"https:\/\/existentia.com.hr\/hr\/\",\"name\":\"Existentia\",\"description\":\"Unutarnjim signalima do puno\u0107e \u017eivota\",\"potentialAction\":[{\"@type\":\"SearchAction\",\"target\":{\"@type\":\"EntryPoint\",\"urlTemplate\":\"https:\/\/existentia.com.hr\/hr\/?s={search_term_string}\"},\"query-input\":\"required name=search_term_string\"}],\"inLanguage\":\"hr\"},{\"@type\":\"Person\",\"@id\":\"https:\/\/existentia.com.hr\/hr\/#\/schema\/person\/7c7a560ce6c84f00035829b53174f27c\",\"name\":\"admin\",\"image\":{\"@type\":\"ImageObject\",\"inLanguage\":\"hr\",\"@id\":\"https:\/\/existentia.com.hr\/hr\/#\/schema\/person\/image\/\",\"url\":\"https:\/\/secure.gravatar.com\/avatar\/81a4eeca1e411d93fb360ffa0ab7d0d2fc9fd450cf0d4f68aaede2768ed337eb?s=96&d=mm&r=g\",\"contentUrl\":\"https:\/\/secure.gravatar.com\/avatar\/81a4eeca1e411d93fb360ffa0ab7d0d2fc9fd450cf0d4f68aaede2768ed337eb?s=96&d=mm&r=g\",\"caption\":\"admin\"},\"url\":\"https:\/\/existentia.com.hr\/hr\/author\/admin\/\"}]}<\/script>\n<!-- \/ Yoast SEO plugin. -->","yoast_head_json":{"title":"Neurorazli\u010ditost: adhd, autizam i izbor - Existentia","description":"Neurorazli\u010ditost, poput ADHD-a i autizma, mo\u017ee biti zahtjevno iskustvo. Kako se nositi s njim i gdje prona\u0107i izbor, zna Alessio Rizzo.","robots":{"index":"index","follow":"follow","max-snippet":"max-snippet:-1","max-image-preview":"max-image-preview:large","max-video-preview":"max-video-preview:-1"},"canonical":"https:\/\/existentia.com.hr\/hr\/neurorazlicitost-izbor-i-dijelovi-nas\/","og_locale":"hr_HR","og_type":"article","og_title":"Neurorazli\u010ditost: adhd, autizam i izbor - Existentia","og_description":"Neurorazli\u010ditost, poput ADHD-a i autizma, mo\u017ee biti zahtjevno iskustvo. Kako se nositi s njim i gdje prona\u0107i izbor, zna Alessio Rizzo.","og_url":"https:\/\/existentia.com.hr\/hr\/neurorazlicitost-izbor-i-dijelovi-nas\/","og_site_name":"Existentia","article_publisher":"https:\/\/www.facebook.com\/existentia.com.hr\/","article_published_time":"2022-04-11T10:45:06+00:00","article_modified_time":"2022-04-12T12:52:14+00:00","og_image":[{"url":"https:\/\/existentia.com.hr\/wp-content\/uploads\/2022\/03\/brain_andy_warhol_ALL_for_online_hx1ghw.jpg"}],"author":"admin","twitter_card":"summary_large_image","twitter_misc":{"Napisao\/la":"admin","Procijenjeno vrijeme \u010ditanja":"10 minuta"},"schema":{"@context":"https:\/\/schema.org","@graph":[{"@type":"WebPage","@id":"https:\/\/existentia.com.hr\/hr\/neurorazlicitost-izbor-i-dijelovi-nas\/","url":"https:\/\/existentia.com.hr\/hr\/neurorazlicitost-izbor-i-dijelovi-nas\/","name":"Neurorazli\u010ditost: adhd, autizam i izbor - Existentia","isPartOf":{"@id":"https:\/\/existentia.com.hr\/hr\/#website"},"datePublished":"2022-04-11T10:45:06+00:00","dateModified":"2022-04-12T12:52:14+00:00","author":{"@id":"https:\/\/existentia.com.hr\/hr\/#\/schema\/person\/7c7a560ce6c84f00035829b53174f27c"},"description":"Neurorazli\u010ditost, poput ADHD-a i autizma, mo\u017ee biti zahtjevno iskustvo. Kako se nositi s njim i gdje prona\u0107i izbor, zna Alessio Rizzo.","breadcrumb":{"@id":"https:\/\/existentia.com.hr\/hr\/neurorazlicitost-izbor-i-dijelovi-nas\/#breadcrumb"},"inLanguage":"hr","potentialAction":[{"@type":"ReadAction","target":["https:\/\/existentia.com.hr\/hr\/neurorazlicitost-izbor-i-dijelovi-nas\/"]}]},{"@type":"BreadcrumbList","@id":"https:\/\/existentia.com.hr\/hr\/neurorazlicitost-izbor-i-dijelovi-nas\/#breadcrumb","itemListElement":[{"@type":"ListItem","position":1,"name":"Home","item":"https:\/\/existentia.com.hr\/hr\/"},{"@type":"ListItem","position":2,"name":"Neurorazli\u010ditost: adhd, autizam i izbor"}]},{"@type":"WebSite","@id":"https:\/\/existentia.com.hr\/hr\/#website","url":"https:\/\/existentia.com.hr\/hr\/","name":"Existentia","description":"Unutarnjim signalima do puno\u0107e \u017eivota","potentialAction":[{"@type":"SearchAction","target":{"@type":"EntryPoint","urlTemplate":"https:\/\/existentia.com.hr\/hr\/?s={search_term_string}"},"query-input":"required name=search_term_string"}],"inLanguage":"hr"},{"@type":"Person","@id":"https:\/\/existentia.com.hr\/hr\/#\/schema\/person\/7c7a560ce6c84f00035829b53174f27c","name":"admin","image":{"@type":"ImageObject","inLanguage":"hr","@id":"https:\/\/existentia.com.hr\/hr\/#\/schema\/person\/image\/","url":"https:\/\/secure.gravatar.com\/avatar\/81a4eeca1e411d93fb360ffa0ab7d0d2fc9fd450cf0d4f68aaede2768ed337eb?s=96&d=mm&r=g","contentUrl":"https:\/\/secure.gravatar.com\/avatar\/81a4eeca1e411d93fb360ffa0ab7d0d2fc9fd450cf0d4f68aaede2768ed337eb?s=96&d=mm&r=g","caption":"admin"},"url":"https:\/\/existentia.com.hr\/hr\/author\/admin\/"}]}},"_links":{"self":[{"href":"https:\/\/existentia.com.hr\/hr\/wp-json\/wp\/v2\/posts\/4978","targetHints":{"allow":["GET"]}}],"collection":[{"href":"https:\/\/existentia.com.hr\/hr\/wp-json\/wp\/v2\/posts"}],"about":[{"href":"https:\/\/existentia.com.hr\/hr\/wp-json\/wp\/v2\/types\/post"}],"author":[{"embeddable":true,"href":"https:\/\/existentia.com.hr\/hr\/wp-json\/wp\/v2\/users\/1"}],"replies":[{"embeddable":true,"href":"https:\/\/existentia.com.hr\/hr\/wp-json\/wp\/v2\/comments?post=4978"}],"version-history":[{"count":54,"href":"https:\/\/existentia.com.hr\/hr\/wp-json\/wp\/v2\/posts\/4978\/revisions"}],"predecessor-version":[{"id":5080,"href":"https:\/\/existentia.com.hr\/hr\/wp-json\/wp\/v2\/posts\/4978\/revisions\/5080"}],"wp:attachment":[{"href":"https:\/\/existentia.com.hr\/hr\/wp-json\/wp\/v2\/media?parent=4978"}],"wp:term":[{"taxonomy":"category","embeddable":true,"href":"https:\/\/existentia.com.hr\/hr\/wp-json\/wp\/v2\/categories?post=4978"},{"taxonomy":"post_tag","embeddable":true,"href":"https:\/\/existentia.com.hr\/hr\/wp-json\/wp\/v2\/tags?post=4978"}],"curies":[{"name":"wp","href":"https:\/\/api.w.org\/{rel}","templated":true}]}}